{"id":6417,"global_id":"www.torresdeselma.com?id=6417","global_id_lineage":["www.torresdeselma.com?id=6417"],"author":"2","status":"publish","date":"2025-04-04 11:51:14","date_utc":"2025-04-04 11:51:14","modified":"2025-04-04 13:23:15","modified_utc":"2025-04-04 13:23:15","url":"https:\/\/www.torresdeselma.com\/?tribe_events=retreat-magdala-es","rest_url":"https:\/\/www.torresdeselma.com\/index.php?rest_route=\/tribe\/events\/v1\/events\/6417","title":"Retreat Conecta con la Esencia","description":"<h3 style=\"text-align: center;\">\ud83c\udf3f **Conecta con la Esencia** \ud83c\udf3f<\/h3>\n<p><img loading=\"lazy\" decoding=\"async\" class=\" wp-image-6418 alignleft\" src=\"https:\/\/www.torresdeselma.com\/wp-content\/uploads\/2025\/04\/Screenshot-2025-04-04-at-11.59.27-202x300.png\" alt=\"\" width=\"226\" height=\"336\" srcset=\"https:\/\/www.torresdeselma.com\/wp-content\/uploads\/2025\/04\/Screenshot-2025-04-04-at-11.59.27-202x300.png 202w, https:\/\/www.torresdeselma.com\/wp-content\/uploads\/2025\/04\/Screenshot-2025-04-04-at-11.59.27-691x1024.png 691w, https:\/\/www.torresdeselma.com\/wp-content\/uploads\/2025\/04\/Screenshot-2025-04-04-at-11.59.27-440x652.png 440w, https:\/\/www.torresdeselma.com\/wp-content\/uploads\/2025\/04\/Screenshot-2025-04-04-at-11.59.27.png 760w\" sizes=\"auto, (max-width: 226px) 100vw, 226px\" \/>Un retiro exclusivo con <strong>@magdaladharma<\/strong><\/p>\n<p style=\"text-align: left;\">\ud83d\uddd3 *Del 1 al 3 de agosto 2025*<br \/>\n**Solo 10 plazas disponibles** \u2013 \u00a1Plazas limitadas!<\/p>\n<p style=\"text-align: left;\"><em>Este retiro de verano est\u00e1 dise\u00f1ado para una profunda sanaci\u00f3n y reconexi\u00f3n con uno mismo.<\/em><\/p>\n<p style=\"text-align: left;\"><em>A trav\u00e9s de pr\u00e1cticas transformadoras como ejercicios som\u00e1ticos,<\/em><\/p>\n<p style=\"text-align: left;\"><em>din\u00e1micas sist\u00e9micas, constelaciones,<\/em><\/p>\n<p style=\"text-align: left;\"><em>Yin Yoga y meditaci\u00f3n, te acompa\u00f1aremos en un viaje de bienestar integral.<\/em><\/p>\n<p>&nbsp;<\/p>\n<p style=\"text-align: left;\"><strong>Programa<\/strong><br \/>\n**1 de agosto**: Llegada al retiro, meditaci\u00f3n guiada y trabajo som\u00e1tico para liberar memorias de trauma.<br \/>\n**2 de agosto**: Yin Yoga, constelaciones familiares, y una clase de Swing\/Jazz.<br \/>\n**3 de agosto**: Meditaci\u00f3n al aire libre, sesi\u00f3n de cierre y seguimiento personalizado.<\/p>\n<p style=\"text-align: left;\">\ud83d\udde3 *El retiro ser\u00e1 en espa\u00f1ol, con traducci\u00f3n al ingl\u00e9s disponible si es necesario.*<\/p>\n<p style=\"text-align: left;\">\u2728 **Reserva tu plaza ahora** \u2013 Las plazas son limitadas.<br \/>\n\ud83d\udc8c Para m\u00e1s informaci\u00f3n, cont\u00e1ctanos por mensaje privado.<\/p>\n<p style=\"text-align: left;\">#ConectaConLaEsencia #RetiroDeVerano #Sanaci\u00f3nDeTrauma #YinYoga #Meditaci\u00f3n #Constelaciones #BienestarIntegral #CrecimientoPersonal<\/p>","excerpt":"","slug":"retreat-magdala-es","image":false,"all_day":false,"start_date":"2025-08-01 17:00:00","start_date_details":{"year":"2025","month":"08","day":"01","hour":"17","minutes":"00","seconds":"00"},"end_date":"2025-08-03 16:00:00","end_date_details":{"year":"2025","month":"08","day":"03","hour":"16","minutes":"00","seconds":"00"},"utc_start_date":"2025-08-01 17:00:00","utc_start_date_details":{"year":"2025","month":"08","day":"01","hour":"17","minutes":"00","seconds":"00"},"utc_end_date":"2025-08-03 16:00:00","utc_end_date_details":{"year":"2025","month":"08","day":"03","hour":"16","minutes":"00","seconds":"00"},"timezone":"UTC+0","timezone_abbr":"UTC+0","cost":"","cost_details":{"currency_symbol":"\u20ac","currency_code":"EUR","currency_position":"prefix","values":[]},"website":"","show_map":true,"show_map_link":true,"hide_from_listings":false,"sticky":false,"featured":false,"categories":[],"tags":[],"venue":[],"organizer":[],"json_ld":{"@context":"http:\/\/schema.org","@type":"Event","name":"Retreat Conecta con la Esencia","description":"&lt;p&gt;\ud83c\udf3f **Conecta con la Esencia** \ud83c\udf3f Un retiro exclusivo con @magdaladharma \ud83d\uddd3 *Del 1 al 3 de agosto 2025* **Solo 10 plazas disponibles** \u2013 \u00a1Plazas limitadas! Este retiro de verano est\u00e1 dise\u00f1ado para una profunda sanaci\u00f3n y reconexi\u00f3n con uno [&hellip;]&lt;\/p&gt;\\n","url":"https:\/\/www.torresdeselma.com\/?tribe_events=retreat-magdala-es","eventAttendanceMode":"https:\/\/schema.org\/OfflineEventAttendanceMode","eventStatus":"https:\/\/schema.org\/EventScheduled","startDate":"2025-08-01T17:00:00+00:00","endDate":"2025-08-03T16:00:00+00:00","performer":"Organization"},"is_virtual":false,"virtual_url":null,"virtual_video_source":""}